{"id":2688,"date":"2026-05-02T18:37:38","date_gmt":"2026-05-02T18:37:38","guid":{"rendered":"https:\/\/estacionelcarmenjujuy.com\/?p=2688"},"modified":"2026-05-02T18:37:39","modified_gmt":"2026-05-02T18:37:39","slug":"jujuy-aumenta-el-pasaje-de-media-distancia-y-viajar-por-el-interior-vuelve-a-ser-mas-caro","status":"publish","type":"post","link":"https:\/\/estacionelcarmenjujuy.com\/?p=2688","title":{"rendered":"JUJUY: AUMENTA EL PASAJE DE MEDIA DISTANCIA Y VIAJAR POR EL INTERIOR VUELVE A SER M\u00c1S CARO"},"content":{"rendered":"\n<figure class=\"wp-block-image size-large\"><img loading=\"lazy\" decoding=\"async\" width=\"1024\" height=\"714\" src=\"http:\/\/estacionelcarmenjujuy.com\/wp-content\/uploads\/2026\/05\/1boleto-e1777746890921-1024x714.jpg\" alt=\"\" class=\"wp-image-2689\" srcset=\"https:\/\/estacionelcarmenjujuy.com\/wp-content\/uploads\/2026\/05\/1boleto-e1777746890921-1024x714.jpg 1024w, https:\/\/estacionelcarmenjujuy.com\/wp-content\/uploads\/2026\/05\/1boleto-e1777746890921-300x209.jpg 300w, https:\/\/estacionelcarmenjujuy.com\/wp-content\/uploads\/2026\/05\/1boleto-e1777746890921-768x536.jpg 768w, https:\/\/estacionelcarmenjujuy.com\/wp-content\/uploads\/2026\/05\/1boleto-e1777746890921-1536x1072.jpg 1536w, https:\/\/estacionelcarmenjujuy.com\/wp-content\/uploads\/2026\/05\/1boleto-e1777746890921.jpg 2044w\" sizes=\"(max-width: 1024px) 100vw, 1024px\" \/><\/figure>\n\n\n\n<p>Desde este 1\u00b0 de mayo rige una suba cercana al 3% en el transporte interurbano. El ajuste impacta de lleno en quienes se mueven todos los d\u00edas entre localidades.<\/p>\n\n\n\n<p>Sin anuncio rimbombante pero con efecto inmediato en el bolsillo, las empresas de transporte de media distancia en Jujuy comenzaron a aplicar desde este viernes un nuevo cuadro tarifario con incrementos de alrededor del 3%.<\/p>\n\n\n\n<p>La suba ya est\u00e1 vigente en todos los servicios y golpea especialmente a quienes dependen del colectivo para trabajar, estudiar o acceder a servicios b\u00e1sicos en otras ciudades. En una provincia con largas distancias y escasas alternativas de movilidad, cada ajuste aunque parezca menor en porcentaje se siente.<\/p>\n\n\n\n<p>El argumento es conocido: actualizaci\u00f3n de costos, combustible, mantenimiento. Pero del otro lado, el impacto es directo sobre econom\u00edas familiares que ya vienen ajustadas. Viajar por el interior, una necesidad cotidiana para miles de juje\u00f1os, vuelve a encarecerse.<\/p>\n\n\n\n<p>Zona Quebrada y Puna:<\/p>\n\n\n\n<p>Volc\u00e1n: $4.400<\/p>\n\n\n\n<p>Tumbaya: $5.200<\/p>\n\n\n\n<p>Maimar\u00e1: $8.800<\/p>\n\n\n\n<p>Purmamarca: $9.200<\/p>\n\n\n\n<p>Tilcara: $9.700<\/p>\n\n\n\n<p>Humahuaca: $14.400<\/p>\n\n\n\n<p>Abra Pampa: $24.700<\/p>\n\n\n\n<p>La Quiaca: $31.800<\/p>\n\n\n\n<p>Zona Ramal:<\/p>\n\n\n\n<p>San Pedro: $6.800<\/p>\n\n\n\n<p>Chalic\u00e1n: $9.000<\/p>\n\n\n\n<p>Santa Clara: $9.400<\/p>\n\n\n\n<p>Fraile Pintado: $10.200<\/p>\n\n\n\n<p>Libertador Gral. San Mart\u00edn: $11.600<\/p>\n\n\n\n<p>Calilegua: $12.300<\/p>\n\n\n\n<p>Caimancito: $14.100<\/p>\n\n\n\n<p>Yuto: $16.800<\/p>\n\n\n\n<p>Palma Sola: $18.400<\/p>\n\n\n\n<p>Zona Diques y Valles:<\/p>\n\n\n\n<p>El Carmen: $2.711<\/p>\n\n\n\n<p>Carahunco: $2.998<\/p>\n\n\n\n<p>San Antonio: $3.396<\/p>\n\n\n\n<p>Perico: $3.523<\/p>\n\n\n\n<p>Monterrico: $3.636<\/p>\n\n\n\n<p>Las Pampitas: $4.082<\/p>\n\n\n\n<p>Aeropuerto: $4.754<\/p>\n\n\n\n<p>Puesto Viejo: $5.453<\/p>\n\n\n\n<p>La Mendieta: $5.727<\/p>\n\n\n\n<p>Aguas Calientes: $6.618<\/p>\n","protected":false},"excerpt":{"rendered":"<p>Desde este 1\u00b0 de mayo rige una suba cercana al 3% en el transporte interurbano. El ajuste impacta de lleno en quienes se mueven todos los d\u00edas entre localidades. Sin anuncio rimbombante pero con efecto inmediato en el bolsillo, las empresas de transporte de media distancia en Jujuy comenzaron a aplicar desde este viernes un &hellip;<\/p>\n","protected":false},"author":4,"featured_media":2689,"comment_status":"open","ping_status":"open","sticky":false,"template":"","format":"standard","meta":{"footnotes":""},"categories":[69,105],"tags":[],"class_list":["post-2688","post","type-post","status-publish","format-standard","has-post-thumbnail","","category-localidades","category-region"],"yoast_head":"<!-- This site is optimized with the Yoast SEO plugin v21.8 - https:\/\/yoast.com\/wordpress\/plugins\/seo\/ -->\n<title>JUJUY: AUMENTA EL PASAJE DE MEDIA DISTANCIA Y VIAJAR POR EL INTERIOR VUELVE A SER M\u00c1S CARO - ESTACION PREMIER<\/title>\n<meta name=\"robots\" content=\"index, follow, max-snippet:-1, max-image-preview:large, max-video-preview:-1\" \/>\n<link rel=\"canonical\" href=\"https:\/\/estacionelcarmenjujuy.com\/?p=2688\" \/>\n<meta property=\"og:locale\" content=\"es_ES\" \/>\n<meta property=\"og:type\" content=\"article\" \/>\n<meta property=\"og:title\" content=\"JUJUY: AUMENTA EL PASAJE DE MEDIA DISTANCIA Y VIAJAR POR EL INTERIOR VUELVE A SER M\u00c1S CARO - ESTACION PREMIER\" \/>\n<meta property=\"og:description\" content=\"Desde este 1\u00b0 de mayo rige una suba cercana al 3% en el transporte interurbano. El ajuste impacta de lleno en quienes se mueven todos los d\u00edas entre localidades. Sin anuncio rimbombante pero con efecto inmediato en el bolsillo, las empresas de transporte de media distancia en Jujuy comenzaron a aplicar desde este viernes un &hellip;\" \/>\n<meta property=\"og:url\" content=\"https:\/\/estacionelcarmenjujuy.com\/?p=2688\" \/>\n<meta property=\"og:site_name\" content=\"ESTACION PREMIER\" \/>\n<meta property=\"article:author\" content=\"https:\/\/www.facebook.com\/estacion.premier.1\" \/>\n<meta property=\"article:published_time\" content=\"2026-05-02T18:37:38+00:00\" \/>\n<meta property=\"article:modified_time\" content=\"2026-05-02T18:37:39+00:00\" \/>\n<meta property=\"og:image\" content=\"http:\/\/estacionelcarmenjujuy.com\/wp-content\/uploads\/2026\/05\/1boleto-e1777746890921.jpg\" \/>\n\t<meta property=\"og:image:width\" content=\"2044\" \/>\n\t<meta property=\"og:image:height\" content=\"1426\" \/>\n\t<meta property=\"og:image:type\" content=\"image\/jpeg\" \/>\n<meta name=\"author\" content=\"radio premier\" \/>\n<meta name=\"twitter:card\" content=\"summary_large_image\" \/>\n<meta name=\"twitter:label1\" content=\"Escrito por\" \/>\n\t<meta name=\"twitter:data1\" content=\"radio premier\" \/>\n\t<meta name=\"twitter:label2\" content=\"Tiempo de lectura\" \/>\n\t<meta name=\"twitter:data2\" content=\"2 minutos\" \/>\n<script type=\"application\/ld+json\" class=\"yoast-schema-graph\">{\"@context\":\"https:\/\/schema.org\",\"@graph\":[{\"@type\":\"WebPage\",\"@id\":\"https:\/\/estacionelcarmenjujuy.com\/?p=2688\",\"url\":\"https:\/\/estacionelcarmenjujuy.com\/?p=2688\",\"name\":\"JUJUY: AUMENTA EL PASAJE DE MEDIA DISTANCIA Y VIAJAR POR EL INTERIOR VUELVE A SER M\u00c1S CARO - ESTACION PREMIER\",\"isPartOf\":{\"@id\":\"https:\/\/estacionelcarmenjujuy.com\/#website\"},\"datePublished\":\"2026-05-02T18:37:38+00:00\",\"dateModified\":\"2026-05-02T18:37:39+00:00\",\"author\":{\"@id\":\"https:\/\/estacionelcarmenjujuy.com\/#\/schema\/person\/849003ee944be2d4a33c9e287202f923\"},\"breadcrumb\":{\"@id\":\"https:\/\/estacionelcarmenjujuy.com\/?p=2688#breadcrumb\"},\"inLanguage\":\"es\",\"potentialAction\":[{\"@type\":\"ReadAction\",\"target\":[\"https:\/\/estacionelcarmenjujuy.com\/?p=2688\"]}]},{\"@type\":\"BreadcrumbList\",\"@id\":\"https:\/\/estacionelcarmenjujuy.com\/?p=2688#breadcrumb\",\"itemListElement\":[{\"@type\":\"ListItem\",\"position\":1,\"name\":\"Portada\",\"item\":\"https:\/\/estacionelcarmenjujuy.com\/\"},{\"@type\":\"ListItem\",\"position\":2,\"name\":\"JUJUY: AUMENTA EL PASAJE DE MEDIA DISTANCIA Y VIAJAR POR EL INTERIOR VUELVE A SER M\u00c1S CARO\"}]},{\"@type\":\"WebSite\",\"@id\":\"https:\/\/estacionelcarmenjujuy.com\/#website\",\"url\":\"https:\/\/estacionelcarmenjujuy.com\/\",\"name\":\"ESTACION PREMIER\",\"description\":\"\",\"potentialAction\":[{\"@type\":\"SearchAction\",\"target\":{\"@type\":\"EntryPoint\",\"urlTemplate\":\"https:\/\/estacionelcarmenjujuy.com\/?s={search_term_string}\"},\"query-input\":\"required name=search_term_string\"}],\"inLanguage\":\"es\"},{\"@type\":\"Person\",\"@id\":\"https:\/\/estacionelcarmenjujuy.com\/#\/schema\/person\/849003ee944be2d4a33c9e287202f923\",\"name\":\"radio premier\",\"image\":{\"@type\":\"ImageObject\",\"inLanguage\":\"es\",\"@id\":\"https:\/\/estacionelcarmenjujuy.com\/#\/schema\/person\/image\/\",\"url\":\"https:\/\/secure.gravatar.com\/avatar\/0140ac1e3dfdad0a489228e9bab93c9e?s=96&d=mm&r=g\",\"contentUrl\":\"https:\/\/secure.gravatar.com\/avatar\/0140ac1e3dfdad0a489228e9bab93c9e?s=96&d=mm&r=g\",\"caption\":\"radio premier\"},\"sameAs\":[\"https:\/\/www.facebook.com\/estacion.premier.1\",\"https:\/\/www.instagram.com\/estacionpremier91.9\",\"https:\/\/www.facebook.com\/profile.php?id=100066756941465\",\"https:\/\/www.youtube.com\/channel\/UCpBXtWWeUeCCyNGQqf0-2UQ\"],\"url\":\"https:\/\/estacionelcarmenjujuy.com\/?author=4\"}]}<\/script>\n<!-- \/ Yoast SEO plugin. -->","yoast_head_json":{"title":"JUJUY: AUMENTA EL PASAJE DE MEDIA DISTANCIA Y VIAJAR POR EL INTERIOR VUELVE A SER M\u00c1S CARO - ESTACION PREMIER","robots":{"index":"index","follow":"follow","max-snippet":"max-snippet:-1","max-image-preview":"max-image-preview:large","max-video-preview":"max-video-preview:-1"},"canonical":"https:\/\/estacionelcarmenjujuy.com\/?p=2688","og_locale":"es_ES","og_type":"article","og_title":"JUJUY: AUMENTA EL PASAJE DE MEDIA DISTANCIA Y VIAJAR POR EL INTERIOR VUELVE A SER M\u00c1S CARO - ESTACION PREMIER","og_description":"Desde este 1\u00b0 de mayo rige una suba cercana al 3% en el transporte interurbano. El ajuste impacta de lleno en quienes se mueven todos los d\u00edas entre localidades. Sin anuncio rimbombante pero con efecto inmediato en el bolsillo, las empresas de transporte de media distancia en Jujuy comenzaron a aplicar desde este viernes un &hellip;","og_url":"https:\/\/estacionelcarmenjujuy.com\/?p=2688","og_site_name":"ESTACION PREMIER","article_author":"https:\/\/www.facebook.com\/estacion.premier.1","article_published_time":"2026-05-02T18:37:38+00:00","article_modified_time":"2026-05-02T18:37:39+00:00","og_image":[{"width":2044,"height":1426,"url":"http:\/\/estacionelcarmenjujuy.com\/wp-content\/uploads\/2026\/05\/1boleto-e1777746890921.jpg","type":"image\/jpeg"}],"author":"radio premier","twitter_card":"summary_large_image","twitter_misc":{"Escrito por":"radio premier","Tiempo de lectura":"2 minutos"},"schema":{"@context":"https:\/\/schema.org","@graph":[{"@type":"WebPage","@id":"https:\/\/estacionelcarmenjujuy.com\/?p=2688","url":"https:\/\/estacionelcarmenjujuy.com\/?p=2688","name":"JUJUY: AUMENTA EL PASAJE DE MEDIA DISTANCIA Y VIAJAR POR EL INTERIOR VUELVE A SER M\u00c1S CARO - ESTACION PREMIER","isPartOf":{"@id":"https:\/\/estacionelcarmenjujuy.com\/#website"},"datePublished":"2026-05-02T18:37:38+00:00","dateModified":"2026-05-02T18:37:39+00:00","author":{"@id":"https:\/\/estacionelcarmenjujuy.com\/#\/schema\/person\/849003ee944be2d4a33c9e287202f923"},"breadcrumb":{"@id":"https:\/\/estacionelcarmenjujuy.com\/?p=2688#breadcrumb"},"inLanguage":"es","potentialAction":[{"@type":"ReadAction","target":["https:\/\/estacionelcarmenjujuy.com\/?p=2688"]}]},{"@type":"BreadcrumbList","@id":"https:\/\/estacionelcarmenjujuy.com\/?p=2688#breadcrumb","itemListElement":[{"@type":"ListItem","position":1,"name":"Portada","item":"https:\/\/estacionelcarmenjujuy.com\/"},{"@type":"ListItem","position":2,"name":"JUJUY: AUMENTA EL PASAJE DE MEDIA DISTANCIA Y VIAJAR POR EL INTERIOR VUELVE A SER M\u00c1S CARO"}]},{"@type":"WebSite","@id":"https:\/\/estacionelcarmenjujuy.com\/#website","url":"https:\/\/estacionelcarmenjujuy.com\/","name":"ESTACION PREMIER","description":"","potentialAction":[{"@type":"SearchAction","target":{"@type":"EntryPoint","urlTemplate":"https:\/\/estacionelcarmenjujuy.com\/?s={search_term_string}"},"query-input":"required name=search_term_string"}],"inLanguage":"es"},{"@type":"Person","@id":"https:\/\/estacionelcarmenjujuy.com\/#\/schema\/person\/849003ee944be2d4a33c9e287202f923","name":"radio premier","image":{"@type":"ImageObject","inLanguage":"es","@id":"https:\/\/estacionelcarmenjujuy.com\/#\/schema\/person\/image\/","url":"https:\/\/secure.gravatar.com\/avatar\/0140ac1e3dfdad0a489228e9bab93c9e?s=96&d=mm&r=g","contentUrl":"https:\/\/secure.gravatar.com\/avatar\/0140ac1e3dfdad0a489228e9bab93c9e?s=96&d=mm&r=g","caption":"radio premier"},"sameAs":["https:\/\/www.facebook.com\/estacion.premier.1","https:\/\/www.instagram.com\/estacionpremier91.9","https:\/\/www.facebook.com\/profile.php?id=100066756941465","https:\/\/www.youtube.com\/channel\/UCpBXtWWeUeCCyNGQqf0-2UQ"],"url":"https:\/\/estacionelcarmenjujuy.com\/?author=4"}]}},"_links":{"self":[{"href":"https:\/\/estacionelcarmenjujuy.com\/index.php?rest_route=\/wp\/v2\/posts\/2688"}],"collection":[{"href":"https:\/\/estacionelcarmenjujuy.com\/index.php?rest_route=\/wp\/v2\/posts"}],"about":[{"href":"https:\/\/estacionelcarmenjujuy.com\/index.php?rest_route=\/wp\/v2\/types\/post"}],"author":[{"embeddable":true,"href":"https:\/\/estacionelcarmenjujuy.com\/index.php?rest_route=\/wp\/v2\/users\/4"}],"replies":[{"embeddable":true,"href":"https:\/\/estacionelcarmenjujuy.com\/index.php?rest_route=%2Fwp%2Fv2%2Fcomments&post=2688"}],"version-history":[{"count":1,"href":"https:\/\/estacionelcarmenjujuy.com\/index.php?rest_route=\/wp\/v2\/posts\/2688\/revisions"}],"predecessor-version":[{"id":2690,"href":"https:\/\/estacionelcarmenjujuy.com\/index.php?rest_route=\/wp\/v2\/posts\/2688\/revisions\/2690"}],"wp:featuredmedia":[{"embeddable":true,"href":"https:\/\/estacionelcarmenjujuy.com\/index.php?rest_route=\/wp\/v2\/media\/2689"}],"wp:attachment":[{"href":"https:\/\/estacionelcarmenjujuy.com\/index.php?rest_route=%2Fwp%2Fv2%2Fmedia&parent=2688"}],"wp:term":[{"taxonomy":"category","embeddable":true,"href":"https:\/\/estacionelcarmenjujuy.com\/index.php?rest_route=%2Fwp%2Fv2%2Fcategories&post=2688"},{"taxonomy":"post_tag","embeddable":true,"href":"https:\/\/estacionelcarmenjujuy.com\/index.php?rest_route=%2Fwp%2Fv2%2Ftags&post=2688"}],"curies":[{"name":"wp","href":"https:\/\/api.w.org\/{rel}","templated":true}]}}